{"id":644,"date":"2018-09-07T09:44:28","date_gmt":"2018-09-07T09:44:28","guid":{"rendered":"https:\/\/cercailcuore.it\/?p=644"},"modified":"2020-09-15T12:50:15","modified_gmt":"2020-09-15T12:50:15","slug":"lanterne-di-natale","status":"publish","type":"post","link":"https:\/\/cercailcuore.it\/lanterne-di-natale\/","title":{"rendered":"Lanterna di Natale con miniature"},"content":{"rendered":"<div id=\"dslc-theme-content\"><div id=\"dslc-theme-content-inner\"><p>La mia<a href=\"https:\/\/creazionipersonali.blogspot.com\/2011\/11\/natale-2011.html\"> prima lanterna di Natale con miniature<\/a> \u00e8 nata quasi per gioco nel 2011. Potete cliccare sul link per scoprire la storia.<\/p>\n\n<p>Lo scorso anno invece, dopo aver confermato la disponibilit\u00e0 della <strong><em>lanterna classica<\/em><\/strong>, mi son divertita a creare un pezzo unico.<\/p>\n<p><img loading=\"lazy\" decoding=\"async\" class=\"aligncenter wp-image-657 size-full\" title=\"Lanterna di Natale \" src=\"https:\/\/cercailcuore.it\/wp-content\/uploads\/2018\/05\/LanternaConMiniature.jpg\" alt=\"Lanterna di Natale \" width=\"1000\" height=\"667\" srcset=\"https:\/\/cercailcuore.it\/wp-content\/uploads\/2018\/05\/LanternaConMiniature.jpg 1000w, https:\/\/cercailcuore.it\/wp-content\/uploads\/2018\/05\/LanternaConMiniature-300x200.jpg 300w, https:\/\/cercailcuore.it\/wp-content\/uploads\/2018\/05\/LanternaConMiniature-768x512.jpg 768w, https:\/\/cercailcuore.it\/wp-content\/uploads\/2018\/05\/LanternaConMiniature-450x300.jpg 450w, https:\/\/cercailcuore.it\/wp-content\/uploads\/2018\/05\/LanternaConMiniature-90x60.jpg 90w, https:\/\/cercailcuore.it\/wp-content\/uploads\/2018\/05\/LanternaConMiniature-600x400.jpg 600w, https:\/\/cercailcuore.it\/wp-content\/uploads\/2018\/05\/LanternaConMiniature-272x182.jpg 272w\" sizes=\"auto, (max-width: 1000px) 100vw, 1000px\" \/><br \/>\nDifficile indicarvi le ore lavorative, so che desideravo una lanterna di Natale unica, con parquet in rovere, caminetto decorato con calze, cioccolata calda sul tavolino... Desideravo una creazione ricca di piccoli dettagli, di quelle che pi\u00f9 guardi e pi\u00f9 noti qualcosa, un po' come quando da piccola mi incantavo a guardare per ore le vetrine di \"Epoca\", negozio che ai tempi era riservato a quella nicchia di persone che collezionavano oggettistica proveniente da ogni posto.<\/p>\n<p><img loading=\"lazy\" decoding=\"async\" class=\"aligncenter wp-image-724 size-full\" title=\"Lanterna di Natale con miniature\" src=\"https:\/\/cercailcuore.it\/wp-content\/uploads\/2018\/05\/cercailcuorelanterne.png\" alt=\"Lanterna di Natale \" width=\"713\" height=\"475\" srcset=\"https:\/\/cercailcuore.it\/wp-content\/uploads\/2018\/05\/cercailcuorelanterne.png 713w, https:\/\/cercailcuore.it\/wp-content\/uploads\/2018\/05\/cercailcuorelanterne-300x200.png 300w, https:\/\/cercailcuore.it\/wp-content\/uploads\/2018\/05\/cercailcuorelanterne-450x300.png 450w, https:\/\/cercailcuore.it\/wp-content\/uploads\/2018\/05\/cercailcuorelanterne-90x60.png 90w, https:\/\/cercailcuore.it\/wp-content\/uploads\/2018\/05\/cercailcuorelanterne-600x400.png 600w, https:\/\/cercailcuore.it\/wp-content\/uploads\/2018\/05\/cercailcuorelanterne-272x182.png 272w\" sizes=\"auto, (max-width: 713px) 100vw, 713px\" \/><\/p>\n<p>Ci son voluti anni prima che la Lanterne di Natale con miniature venisse apprezzata, le mie paure per questo pezzo unico erano tante, ai tempi stabilii data ed ora per la vendita in quanto appunto pezzo unico, il mio stupore nello scoprire che fu prenotata allo scattare dell'ora stabilita fu immenso. Con le prime piccole soddisfazioni nacquero anche le prime copie, capii che era il momento di tutelare le mie piccole creazioni.<br \/>\nDa dicembre 2017 ogni lanterna \u00e8 numerata e porta un <em>certificato di autenticit\u00e0<\/em>,\u00a0per i pezzi unici il certificato di unicit\u00e0 della creazione.<br \/>\nHo deciso di realizzare soltanto un numero limitato di lanterne, lanterne che saranno in ogni caso uniche nel loro genere in quanto, ogni pezzo conterr\u00e0 un elemento a sorpresa inaspettato che render\u00e0 ancor pi\u00f9 unica la creazione.<\/p>\n<p>E voi, siete curiosi di scoprire le novit\u00e0 per questo Natale? Lavori in corso,\u00a0restate connessi!<\/p>\n<p><img loading=\"lazy\" decoding=\"async\" class=\"aligncenter size-full wp-image-489\" src=\"https:\/\/cercailcuore.it\/wp-content\/uploads\/2018\/08\/Banner_Basso-e1534863230350.png\" alt=\"\" width=\"50\" height=\"33\" \/><\/p>\n<\/div><\/div>","protected":false},"excerpt":{"rendered":"<p>La mia prima lanterna di Natale con miniature \u00e8 nata quasi per gioco nel 2011. Potete cliccare sul link per scoprire la storia. Lo scorso anno invece, dopo aver confermato la disponibilit\u00e0 della lanterna classica, mi son divertita a creare un pezzo unico. Difficile indicarvi le ore lavorative, so che desideravo una lanterna di Natale &hellip; <\/p>\n","protected":false},"author":1,"featured_media":747,"comment_status":"open","ping_status":"open","sticky":false,"template":"","format":"standard","meta":{"_monsterinsights_skip_tracking":false,"_monsterinsights_sitenote_active":false,"_monsterinsights_sitenote_note":"","_monsterinsights_sitenote_category":0,"footnotes":""},"categories":[80,7],"tags":[58,30,8,93,66],"class_list":["post-644","post","type-post","status-publish","format-standard","has-post-thumbnail","hentry","category-lanterne","category-miniature","tag-lanterna-di-natale","tag-lanterne","tag-miniature","tag-natale","tag-pezzi-unici"],"yoast_head":"<!-- This site is optimized with the Yoast SEO plugin v27.2 - https:\/\/yoast.com\/product\/yoast-seo-wordpress\/ -->\n<title>Lanterna di Natale con miniature &#8226;<\/title>\n<meta name=\"description\" content=\"La prima lanterna di Natale con miniature \u00e8 stata realizzata nel 2011. Ogni singolo elemento al suo interno \u00e8 interamente modellato a mano...\" \/>\n<meta name=\"robots\" content=\"index, follow, max-snippet:-1, max-image-preview:large, max-video-preview:-1\" \/>\n<link rel=\"canonical\" href=\"https:\/\/cercailcuore.it\/lanterne-di-natale\/\" \/>\n<meta property=\"og:locale\" content=\"it_IT\" \/>\n<meta property=\"og:type\" content=\"article\" \/>\n<meta property=\"og:title\" content=\"Lanterna di Natale con miniature &#8226;\" \/>\n<meta property=\"og:description\" content=\"La prima lanterna di Natale con miniature \u00e8 stata realizzata nel 2011. Ogni singolo elemento al suo interno \u00e8 interamente modellato a mano...\" \/>\n<meta property=\"og:url\" content=\"https:\/\/cercailcuore.it\/lanterne-di-natale\/\" \/>\n<meta property=\"article:publisher\" content=\"https:\/\/www.facebook.com\/profile.php?id=100008522228516\" \/>\n<meta property=\"article:author\" content=\"https:\/\/www.facebook.com\/profile.php?id=100008522228516\" \/>\n<meta property=\"article:published_time\" content=\"2018-09-07T09:44:28+00:00\" \/>\n<meta property=\"article:modified_time\" content=\"2020-09-15T12:50:15+00:00\" \/>\n<meta property=\"og:image\" content=\"https:\/\/cercailcuore.it\/wp-content\/uploads\/2018\/09\/AnteprimePost-e1563708813112.jpg\" \/>\n\t<meta property=\"og:image:width\" content=\"800\" \/>\n\t<meta property=\"og:image:height\" content=\"454\" \/>\n\t<meta property=\"og:image:type\" content=\"image\/jpeg\" \/>\n<meta name=\"author\" content=\"admin\" \/>\n<meta name=\"twitter:card\" content=\"summary_large_image\" \/>\n<meta name=\"twitter:label1\" content=\"Scritto da\" \/>\n\t<meta name=\"twitter:data1\" content=\"admin\" \/>\n\t<meta name=\"twitter:label2\" content=\"Tempo di lettura stimato\" \/>\n\t<meta name=\"twitter:data2\" content=\"1 minuto\" \/>\n<script type=\"application\/ld+json\" class=\"yoast-schema-graph\">{\"@context\":\"https:\/\/schema.org\",\"@graph\":[{\"@type\":\"Article\",\"@id\":\"https:\/\/cercailcuore.it\/lanterne-di-natale\/#article\",\"isPartOf\":{\"@id\":\"https:\/\/cercailcuore.it\/lanterne-di-natale\/\"},\"author\":{\"name\":\"admin\",\"@id\":\"https:\/\/cercailcuore.it\/#\/schema\/person\/6042772e819c64c36b6a1111b5f4c46f\"},\"headline\":\"Lanterna di Natale con miniature\",\"datePublished\":\"2018-09-07T09:44:28+00:00\",\"dateModified\":\"2020-09-15T12:50:15+00:00\",\"mainEntityOfPage\":{\"@id\":\"https:\/\/cercailcuore.it\/lanterne-di-natale\/\"},\"wordCount\":269,\"commentCount\":0,\"publisher\":{\"@id\":\"https:\/\/cercailcuore.it\/#\/schema\/person\/6042772e819c64c36b6a1111b5f4c46f\"},\"image\":{\"@id\":\"https:\/\/cercailcuore.it\/lanterne-di-natale\/#primaryimage\"},\"thumbnailUrl\":\"https:\/\/cercailcuore.it\/wp-content\/uploads\/2018\/09\/AnteprimePost-e1563708813112.jpg\",\"keywords\":[\"Lanterna Di Natale\",\"Lanterne\",\"Miniature\",\"Natale\",\"Pezzi unici\"],\"articleSection\":[\"Lanterne\",\"Miniature\"],\"inLanguage\":\"it-IT\",\"potentialAction\":[{\"@type\":\"CommentAction\",\"name\":\"Comment\",\"target\":[\"https:\/\/cercailcuore.it\/lanterne-di-natale\/#respond\"]}]},{\"@type\":\"WebPage\",\"@id\":\"https:\/\/cercailcuore.it\/lanterne-di-natale\/\",\"url\":\"https:\/\/cercailcuore.it\/lanterne-di-natale\/\",\"name\":\"Lanterna di Natale con miniature &#8226;\",\"isPartOf\":{\"@id\":\"https:\/\/cercailcuore.it\/#website\"},\"primaryImageOfPage\":{\"@id\":\"https:\/\/cercailcuore.it\/lanterne-di-natale\/#primaryimage\"},\"image\":{\"@id\":\"https:\/\/cercailcuore.it\/lanterne-di-natale\/#primaryimage\"},\"thumbnailUrl\":\"https:\/\/cercailcuore.it\/wp-content\/uploads\/2018\/09\/AnteprimePost-e1563708813112.jpg\",\"datePublished\":\"2018-09-07T09:44:28+00:00\",\"dateModified\":\"2020-09-15T12:50:15+00:00\",\"description\":\"La prima lanterna di Natale con miniature \u00e8 stata realizzata nel 2011. Ogni singolo elemento al suo interno \u00e8 interamente modellato a mano...\",\"breadcrumb\":{\"@id\":\"https:\/\/cercailcuore.it\/lanterne-di-natale\/#breadcrumb\"},\"inLanguage\":\"it-IT\",\"potentialAction\":[{\"@type\":\"ReadAction\",\"target\":[\"https:\/\/cercailcuore.it\/lanterne-di-natale\/\"]}]},{\"@type\":\"ImageObject\",\"inLanguage\":\"it-IT\",\"@id\":\"https:\/\/cercailcuore.it\/lanterne-di-natale\/#primaryimage\",\"url\":\"https:\/\/cercailcuore.it\/wp-content\/uploads\/2018\/09\/AnteprimePost-e1563708813112.jpg\",\"contentUrl\":\"https:\/\/cercailcuore.it\/wp-content\/uploads\/2018\/09\/AnteprimePost-e1563708813112.jpg\",\"width\":800,\"height\":454,\"caption\":\"Lanterna di Natale\"},{\"@type\":\"BreadcrumbList\",\"@id\":\"https:\/\/cercailcuore.it\/lanterne-di-natale\/#breadcrumb\",\"itemListElement\":[{\"@type\":\"ListItem\",\"position\":1,\"name\":\"Home\",\"item\":\"https:\/\/cercailcuore.it\/\"},{\"@type\":\"ListItem\",\"position\":2,\"name\":\"Lanterna di Natale con miniature\"}]},{\"@type\":\"WebSite\",\"@id\":\"https:\/\/cercailcuore.it\/#website\",\"url\":\"https:\/\/cercailcuore.it\/\",\"name\":\"\",\"description\":\"Creazioni interamente modellate a mano\",\"publisher\":{\"@id\":\"https:\/\/cercailcuore.it\/#\/schema\/person\/6042772e819c64c36b6a1111b5f4c46f\"},\"potentialAction\":[{\"@type\":\"SearchAction\",\"target\":{\"@type\":\"EntryPoint\",\"urlTemplate\":\"https:\/\/cercailcuore.it\/?s={search_term_string}\"},\"query-input\":{\"@type\":\"PropertyValueSpecification\",\"valueRequired\":true,\"valueName\":\"search_term_string\"}}],\"inLanguage\":\"it-IT\"},{\"@type\":[\"Person\",\"Organization\"],\"@id\":\"https:\/\/cercailcuore.it\/#\/schema\/person\/6042772e819c64c36b6a1111b5f4c46f\",\"name\":\"admin\",\"image\":{\"@type\":\"ImageObject\",\"inLanguage\":\"it-IT\",\"@id\":\"https:\/\/cercailcuore.it\/wp-content\/uploads\/2019\/11\/Studio-logo-2020-nastro-1-e1574005763539.png\",\"url\":\"https:\/\/cercailcuore.it\/wp-content\/uploads\/2019\/11\/Studio-logo-2020-nastro-1-e1574005763539.png\",\"contentUrl\":\"https:\/\/cercailcuore.it\/wp-content\/uploads\/2019\/11\/Studio-logo-2020-nastro-1-e1574005763539.png\",\"width\":220,\"height\":88,\"caption\":\"admin\"},\"logo\":{\"@id\":\"https:\/\/cercailcuore.it\/wp-content\/uploads\/2019\/11\/Studio-logo-2020-nastro-1-e1574005763539.png\"},\"sameAs\":[\"http:\/\/www.cercailcuore.it\",\"https:\/\/www.facebook.com\/profile.php?id=100008522228516\",\"https:\/\/www.facebook.com\/CercailCuore\/\",\"https:\/\/www.pinterest.it\/cercailcuore\/\",\"https:\/\/www.youtube.com\/channel\/UC-Kw9Uq3FqYWiDO2uQfY2xg\"],\"url\":\"https:\/\/cercailcuore.it\/author\/p_nicky_2w4cj41f\/\"}]}<\/script>\n<!-- \/ Yoast SEO plugin. -->","yoast_head_json":{"title":"Lanterna di Natale con miniature &#8226;","description":"La prima lanterna di Natale con miniature \u00e8 stata realizzata nel 2011. Ogni singolo elemento al suo interno \u00e8 interamente modellato a mano...","robots":{"index":"index","follow":"follow","max-snippet":"max-snippet:-1","max-image-preview":"max-image-preview:large","max-video-preview":"max-video-preview:-1"},"canonical":"https:\/\/cercailcuore.it\/lanterne-di-natale\/","og_locale":"it_IT","og_type":"article","og_title":"Lanterna di Natale con miniature &#8226;","og_description":"La prima lanterna di Natale con miniature \u00e8 stata realizzata nel 2011. Ogni singolo elemento al suo interno \u00e8 interamente modellato a mano...","og_url":"https:\/\/cercailcuore.it\/lanterne-di-natale\/","article_publisher":"https:\/\/www.facebook.com\/profile.php?id=100008522228516","article_author":"https:\/\/www.facebook.com\/profile.php?id=100008522228516","article_published_time":"2018-09-07T09:44:28+00:00","article_modified_time":"2020-09-15T12:50:15+00:00","og_image":[{"width":800,"height":454,"url":"https:\/\/cercailcuore.it\/wp-content\/uploads\/2018\/09\/AnteprimePost-e1563708813112.jpg","type":"image\/jpeg"}],"author":"admin","twitter_card":"summary_large_image","twitter_misc":{"Scritto da":"admin","Tempo di lettura stimato":"1 minuto"},"schema":{"@context":"https:\/\/schema.org","@graph":[{"@type":"Article","@id":"https:\/\/cercailcuore.it\/lanterne-di-natale\/#article","isPartOf":{"@id":"https:\/\/cercailcuore.it\/lanterne-di-natale\/"},"author":{"name":"admin","@id":"https:\/\/cercailcuore.it\/#\/schema\/person\/6042772e819c64c36b6a1111b5f4c46f"},"headline":"Lanterna di Natale con miniature","datePublished":"2018-09-07T09:44:28+00:00","dateModified":"2020-09-15T12:50:15+00:00","mainEntityOfPage":{"@id":"https:\/\/cercailcuore.it\/lanterne-di-natale\/"},"wordCount":269,"commentCount":0,"publisher":{"@id":"https:\/\/cercailcuore.it\/#\/schema\/person\/6042772e819c64c36b6a1111b5f4c46f"},"image":{"@id":"https:\/\/cercailcuore.it\/lanterne-di-natale\/#primaryimage"},"thumbnailUrl":"https:\/\/cercailcuore.it\/wp-content\/uploads\/2018\/09\/AnteprimePost-e1563708813112.jpg","keywords":["Lanterna Di Natale","Lanterne","Miniature","Natale","Pezzi unici"],"articleSection":["Lanterne","Miniature"],"inLanguage":"it-IT","potentialAction":[{"@type":"CommentAction","name":"Comment","target":["https:\/\/cercailcuore.it\/lanterne-di-natale\/#respond"]}]},{"@type":"WebPage","@id":"https:\/\/cercailcuore.it\/lanterne-di-natale\/","url":"https:\/\/cercailcuore.it\/lanterne-di-natale\/","name":"Lanterna di Natale con miniature &#8226;","isPartOf":{"@id":"https:\/\/cercailcuore.it\/#website"},"primaryImageOfPage":{"@id":"https:\/\/cercailcuore.it\/lanterne-di-natale\/#primaryimage"},"image":{"@id":"https:\/\/cercailcuore.it\/lanterne-di-natale\/#primaryimage"},"thumbnailUrl":"https:\/\/cercailcuore.it\/wp-content\/uploads\/2018\/09\/AnteprimePost-e1563708813112.jpg","datePublished":"2018-09-07T09:44:28+00:00","dateModified":"2020-09-15T12:50:15+00:00","description":"La prima lanterna di Natale con miniature \u00e8 stata realizzata nel 2011. Ogni singolo elemento al suo interno \u00e8 interamente modellato a mano...","breadcrumb":{"@id":"https:\/\/cercailcuore.it\/lanterne-di-natale\/#breadcrumb"},"inLanguage":"it-IT","potentialAction":[{"@type":"ReadAction","target":["https:\/\/cercailcuore.it\/lanterne-di-natale\/"]}]},{"@type":"ImageObject","inLanguage":"it-IT","@id":"https:\/\/cercailcuore.it\/lanterne-di-natale\/#primaryimage","url":"https:\/\/cercailcuore.it\/wp-content\/uploads\/2018\/09\/AnteprimePost-e1563708813112.jpg","contentUrl":"https:\/\/cercailcuore.it\/wp-content\/uploads\/2018\/09\/AnteprimePost-e1563708813112.jpg","width":800,"height":454,"caption":"Lanterna di Natale"},{"@type":"BreadcrumbList","@id":"https:\/\/cercailcuore.it\/lanterne-di-natale\/#breadcrumb","itemListElement":[{"@type":"ListItem","position":1,"name":"Home","item":"https:\/\/cercailcuore.it\/"},{"@type":"ListItem","position":2,"name":"Lanterna di Natale con miniature"}]},{"@type":"WebSite","@id":"https:\/\/cercailcuore.it\/#website","url":"https:\/\/cercailcuore.it\/","name":"","description":"Creazioni interamente modellate a mano","publisher":{"@id":"https:\/\/cercailcuore.it\/#\/schema\/person\/6042772e819c64c36b6a1111b5f4c46f"},"potentialAction":[{"@type":"SearchAction","target":{"@type":"EntryPoint","urlTemplate":"https:\/\/cercailcuore.it\/?s={search_term_string}"},"query-input":{"@type":"PropertyValueSpecification","valueRequired":true,"valueName":"search_term_string"}}],"inLanguage":"it-IT"},{"@type":["Person","Organization"],"@id":"https:\/\/cercailcuore.it\/#\/schema\/person\/6042772e819c64c36b6a1111b5f4c46f","name":"admin","image":{"@type":"ImageObject","inLanguage":"it-IT","@id":"https:\/\/cercailcuore.it\/wp-content\/uploads\/2019\/11\/Studio-logo-2020-nastro-1-e1574005763539.png","url":"https:\/\/cercailcuore.it\/wp-content\/uploads\/2019\/11\/Studio-logo-2020-nastro-1-e1574005763539.png","contentUrl":"https:\/\/cercailcuore.it\/wp-content\/uploads\/2019\/11\/Studio-logo-2020-nastro-1-e1574005763539.png","width":220,"height":88,"caption":"admin"},"logo":{"@id":"https:\/\/cercailcuore.it\/wp-content\/uploads\/2019\/11\/Studio-logo-2020-nastro-1-e1574005763539.png"},"sameAs":["http:\/\/www.cercailcuore.it","https:\/\/www.facebook.com\/profile.php?id=100008522228516","https:\/\/www.facebook.com\/CercailCuore\/","https:\/\/www.pinterest.it\/cercailcuore\/","https:\/\/www.youtube.com\/channel\/UC-Kw9Uq3FqYWiDO2uQfY2xg"],"url":"https:\/\/cercailcuore.it\/author\/p_nicky_2w4cj41f\/"}]}},"_links":{"self":[{"href":"https:\/\/cercailcuore.it\/wp-json\/wp\/v2\/posts\/644","targetHints":{"allow":["GET"]}}],"collection":[{"href":"https:\/\/cercailcuore.it\/wp-json\/wp\/v2\/posts"}],"about":[{"href":"https:\/\/cercailcuore.it\/wp-json\/wp\/v2\/types\/post"}],"author":[{"embeddable":true,"href":"https:\/\/cercailcuore.it\/wp-json\/wp\/v2\/users\/1"}],"replies":[{"embeddable":true,"href":"https:\/\/cercailcuore.it\/wp-json\/wp\/v2\/comments?post=644"}],"version-history":[{"count":15,"href":"https:\/\/cercailcuore.it\/wp-json\/wp\/v2\/posts\/644\/revisions"}],"predecessor-version":[{"id":1675,"href":"https:\/\/cercailcuore.it\/wp-json\/wp\/v2\/posts\/644\/revisions\/1675"}],"wp:featuredmedia":[{"embeddable":true,"href":"https:\/\/cercailcuore.it\/wp-json\/wp\/v2\/media\/747"}],"wp:attachment":[{"href":"https:\/\/cercailcuore.it\/wp-json\/wp\/v2\/media?parent=644"}],"wp:term":[{"taxonomy":"category","embeddable":true,"href":"https:\/\/cercailcuore.it\/wp-json\/wp\/v2\/categories?post=644"},{"taxonomy":"post_tag","embeddable":true,"href":"https:\/\/cercailcuore.it\/wp-json\/wp\/v2\/tags?post=644"}],"curies":[{"name":"wp","href":"https:\/\/api.w.org\/{rel}","templated":true}]}}